{"id":84950,"date":"2022-03-24T15:57:26","date_gmt":"2022-03-24T14:57:26","guid":{"rendered":"https:\/\/etl.es\/?p=63092"},"modified":"2024-09-19T13:26:06","modified_gmt":"2024-09-19T11:26:06","slug":"etl-global-news-from-the-czech-republic","status":"publish","type":"post","link":"https:\/\/etl.es\/en\/blog\/etl\/etl-global-news-from-the-czech-republic\/","title":{"rendered":"NOTICIA: ETL GLOBAL NEWS FROM THE CZECH REPUBLIC"},"content":{"rendered":"<p>Desde\u00a0<strong>ETL GLOBAL Espa\u00f1a<\/strong>\u00a0seguimos compartiendo excelentes noticias que nos llegan de nuestros colegas de la Rep\u00fablica Checa.<\/p>\n<p>ETL Global Republica Checa han integrado recientemente la firma de contabilidad y fiscalidad FirmCare.<\/p>\n<p>FirmCare tiene como objetivo convertirse en una de las firmas de asesoramiento m\u00e1s progresistas de la zona, logrando ser la primera opci\u00f3n para las startups tecnol\u00f3gicas y los grupos de inversi\u00f3n centrados en este segmento de mercado.<\/p>\n<p>&nbsp;<\/p>\n<p>More fantastic news from <strong>ETL GLOBAL<\/strong> !<\/p>\n<p>We are delighted to share our recent success in the Czech Republic. We joined forces with the Czech accounting and tax company FirmCare.<\/p>\n<p>The Prague company FirmCare has the ambition to become one of the most progressive advisory firms in the region, to become the first choice for technology startups and investment groups focused on this market segment.<\/p>\n<p>This partnership will allow FirmCare, which we have been following for a long time and in which we can see a great potential, to continue to provide the best services to its clients and benefit from our unique concept focused on consulting companies of different sizes.<\/p>\n","protected":false},"excerpt":{"rendered":"<p>Desde\u00a0ETL GLOBAL Espa\u00f1a\u00a0seguimos compartiendo excelentes noticias que nos llegan de nuestros colegas de la Rep\u00fablica Checa. ETL Global Republica Checa han integrado recientemente la firma de contabilidad y fiscalidad FirmCare. FirmCare tiene como objetivo convertirse en una de las firmas de asesoramiento m\u00e1s progresistas de la zona, logrando ser la primera opci\u00f3n para las startups&#8230;<\/p>\n","protected":false},"author":3,"featured_media":84951,"comment_status":"open","ping_status":"open","sticky":false,"template":"","format":"standard","meta":{"_eb_attr":"","_kad_blocks_custom_css":"","_kad_blocks_head_custom_js":"","_kad_blocks_body_custom_js":"","_kad_blocks_footer_custom_js":"","editor_plus_copied_stylings":"{}","_kad_post_transparent":"","_kad_post_title":"","_kad_post_layout":"","_kad_post_sidebar_id":"","_kad_post_content_style":"","_kad_post_vertical_padding":"","_kad_post_feature":"","_kad_post_feature_position":"","_kad_post_header":false,"_kad_post_footer":false,"_kad_post_classname":"","_jet_sm_ready_style":"","_jet_sm_style":"","_jet_sm_controls_values":"","_jet_sm_fonts_collection":"","_jet_sm_fonts_links":"","footnotes":""},"categories":[1073],"tags":[],"class_list":["post-84950","post","type-post","status-publish","format-standard","has-post-thumbnail","hentry","category-etl"],"yoast_head":"<!-- This site is optimized with the Yoast SEO Premium plugin v27.4 (Yoast SEO v27.4) - https:\/\/yoast.com\/product\/yoast-seo-premium-wordpress\/ -->\n<title>NOTICIA: ETL GLOBAL NEWS FROM THE CZECH REPUBLIC - ETL GLOBAL<\/title>\n<meta name=\"description\" content=\"Desde\u00a0ETL GLOBAL Espa\u00f1a\u00a0seguimos compartiendo excelentes noticias que nos llegan de nuestros colegas de la Rep\u00fablica Checa.\" \/>\n<meta name=\"robots\" content=\"index, follow, max-snippet:-1, max-image-preview:large, max-video-preview:-1\" \/>\n<link rel=\"canonical\" href=\"https:\/\/etl.es\/en\/blog\/etl\/etl-global-news-from-the-czech-republic\/\" \/>\n<meta property=\"og:locale\" content=\"en_US\" \/>\n<meta property=\"og:type\" content=\"article\" \/>\n<meta property=\"og:title\" content=\"NOTICIA: ETL GLOBAL NEWS FROM THE CZECH REPUBLIC\" \/>\n<meta property=\"og:description\" content=\"Desde\u00a0ETL GLOBAL Espa\u00f1a\u00a0seguimos compartiendo excelentes noticias que nos llegan de nuestros colegas de la Rep\u00fablica Checa.\" \/>\n<meta property=\"og:url\" content=\"https:\/\/etl.es\/en\/blog\/etl\/etl-global-news-from-the-czech-republic\/\" \/>\n<meta property=\"og:site_name\" content=\"ETL GLOBAL\" \/>\n<meta property=\"article:published_time\" content=\"2022-03-24T14:57:26+00:00\" \/>\n<meta property=\"article:modified_time\" content=\"2024-09-19T11:26:06+00:00\" \/>\n<meta property=\"og:image\" content=\"https:\/\/etl.es\/wp-content\/uploads\/2022\/03\/20220324-NEWS-CZECH-REPUBLIC.jpg\" \/>\n\t<meta property=\"og:image:width\" content=\"800\" \/>\n\t<meta property=\"og:image:height\" content=\"500\" \/>\n\t<meta property=\"og:image:type\" content=\"image\/jpeg\" \/>\n<meta name=\"author\" content=\"Marketing\" \/>\n<meta name=\"twitter:card\" content=\"summary_large_image\" \/>\n<meta name=\"twitter:label1\" content=\"Written by\" \/>\n\t<meta name=\"twitter:data1\" content=\"Marketing\" \/>\n\t<meta name=\"twitter:label2\" content=\"Est. reading time\" \/>\n\t<meta name=\"twitter:data2\" content=\"1 minute\" \/>\n<script type=\"application\/ld+json\" class=\"yoast-schema-graph\">{\"@context\":\"https:\\\/\\\/schema.org\",\"@graph\":[{\"@type\":\"Article\",\"@id\":\"https:\\\/\\\/etl.es\\\/en\\\/blog\\\/etl\\\/etl-global-news-from-the-czech-republic\\\/#article\",\"isPartOf\":{\"@id\":\"https:\\\/\\\/etl.es\\\/en\\\/blog\\\/etl\\\/etl-global-news-from-the-czech-republic\\\/\"},\"author\":{\"name\":\"Marketing\",\"@id\":\"https:\\\/\\\/etl.es\\\/en\\\/#\\\/schema\\\/person\\\/299713823aa0aba41b8a9624dcd27e69\"},\"headline\":\"NOTICIA: ETL GLOBAL NEWS FROM THE CZECH REPUBLIC\",\"datePublished\":\"2022-03-24T14:57:26+00:00\",\"dateModified\":\"2024-09-19T11:26:06+00:00\",\"mainEntityOfPage\":{\"@id\":\"https:\\\/\\\/etl.es\\\/en\\\/blog\\\/etl\\\/etl-global-news-from-the-czech-republic\\\/\"},\"wordCount\":194,\"commentCount\":0,\"publisher\":{\"@id\":\"https:\\\/\\\/etl.es\\\/en\\\/#organization\"},\"image\":{\"@id\":\"https:\\\/\\\/etl.es\\\/en\\\/blog\\\/etl\\\/etl-global-news-from-the-czech-republic\\\/#primaryimage\"},\"thumbnailUrl\":\"https:\\\/\\\/etl.es\\\/wp-content\\\/uploads\\\/2022\\\/03\\\/20220324-NEWS-CZECH-REPUBLIC.jpg\",\"articleSection\":[\"ETL\"],\"inLanguage\":\"en-US\",\"potentialAction\":[{\"@type\":\"CommentAction\",\"name\":\"Comment\",\"target\":[\"https:\\\/\\\/etl.es\\\/en\\\/blog\\\/etl\\\/etl-global-news-from-the-czech-republic\\\/#respond\"]}]},{\"@type\":\"WebPage\",\"@id\":\"https:\\\/\\\/etl.es\\\/en\\\/blog\\\/etl\\\/etl-global-news-from-the-czech-republic\\\/\",\"url\":\"https:\\\/\\\/etl.es\\\/en\\\/blog\\\/etl\\\/etl-global-news-from-the-czech-republic\\\/\",\"name\":\"NOTICIA: ETL GLOBAL NEWS FROM THE CZECH REPUBLIC - ETL GLOBAL\",\"isPartOf\":{\"@id\":\"https:\\\/\\\/etl.es\\\/en\\\/#website\"},\"primaryImageOfPage\":{\"@id\":\"https:\\\/\\\/etl.es\\\/en\\\/blog\\\/etl\\\/etl-global-news-from-the-czech-republic\\\/#primaryimage\"},\"image\":{\"@id\":\"https:\\\/\\\/etl.es\\\/en\\\/blog\\\/etl\\\/etl-global-news-from-the-czech-republic\\\/#primaryimage\"},\"thumbnailUrl\":\"https:\\\/\\\/etl.es\\\/wp-content\\\/uploads\\\/2022\\\/03\\\/20220324-NEWS-CZECH-REPUBLIC.jpg\",\"datePublished\":\"2022-03-24T14:57:26+00:00\",\"dateModified\":\"2024-09-19T11:26:06+00:00\",\"description\":\"Desde\u00a0ETL GLOBAL Espa\u00f1a\u00a0seguimos compartiendo excelentes noticias que nos llegan de nuestros colegas de la Rep\u00fablica Checa.\",\"breadcrumb\":{\"@id\":\"https:\\\/\\\/etl.es\\\/en\\\/blog\\\/etl\\\/etl-global-news-from-the-czech-republic\\\/#breadcrumb\"},\"inLanguage\":\"en-US\",\"potentialAction\":[{\"@type\":\"ReadAction\",\"target\":[\"https:\\\/\\\/etl.es\\\/en\\\/blog\\\/etl\\\/etl-global-news-from-the-czech-republic\\\/\"]}]},{\"@type\":\"ImageObject\",\"inLanguage\":\"en-US\",\"@id\":\"https:\\\/\\\/etl.es\\\/en\\\/blog\\\/etl\\\/etl-global-news-from-the-czech-republic\\\/#primaryimage\",\"url\":\"https:\\\/\\\/etl.es\\\/wp-content\\\/uploads\\\/2022\\\/03\\\/20220324-NEWS-CZECH-REPUBLIC.jpg\",\"contentUrl\":\"https:\\\/\\\/etl.es\\\/wp-content\\\/uploads\\\/2022\\\/03\\\/20220324-NEWS-CZECH-REPUBLIC.jpg\",\"width\":800,\"height\":500},{\"@type\":\"BreadcrumbList\",\"@id\":\"https:\\\/\\\/etl.es\\\/en\\\/blog\\\/etl\\\/etl-global-news-from-the-czech-republic\\\/#breadcrumb\",\"itemListElement\":[{\"@type\":\"ListItem\",\"position\":1,\"name\":\"Portada\",\"item\":\"https:\\\/\\\/etl.es\\\/en\\\/\"},{\"@type\":\"ListItem\",\"position\":2,\"name\":\"NOTICIA: ETL GLOBAL NEWS FROM THE CZECH REPUBLIC\"}]},{\"@type\":\"WebSite\",\"@id\":\"https:\\\/\\\/etl.es\\\/en\\\/#website\",\"url\":\"https:\\\/\\\/etl.es\\\/en\\\/\",\"name\":\"ETL GLOBAL\",\"description\":\"ETL GLOBAL Espa\u00f1a\",\"publisher\":{\"@id\":\"https:\\\/\\\/etl.es\\\/en\\\/#organization\"},\"potentialAction\":[{\"@type\":\"SearchAction\",\"target\":{\"@type\":\"EntryPoint\",\"urlTemplate\":\"https:\\\/\\\/etl.es\\\/en\\\/?s={search_term_string}\"},\"query-input\":{\"@type\":\"PropertyValueSpecification\",\"valueRequired\":true,\"valueName\":\"search_term_string\"}}],\"inLanguage\":\"en-US\"},{\"@type\":\"Organization\",\"@id\":\"https:\\\/\\\/etl.es\\\/en\\\/#organization\",\"name\":\"ETL GLOBAL\",\"url\":\"https:\\\/\\\/etl.es\\\/en\\\/\",\"logo\":{\"@type\":\"ImageObject\",\"inLanguage\":\"en-US\",\"@id\":\"https:\\\/\\\/etl.es\\\/en\\\/#\\\/schema\\\/logo\\\/image\\\/\",\"url\":\"https:\\\/\\\/etl.es\\\/wp-content\\\/uploads\\\/2024\\\/09\\\/etl-global-logo-web.png\",\"contentUrl\":\"https:\\\/\\\/etl.es\\\/wp-content\\\/uploads\\\/2024\\\/09\\\/etl-global-logo-web.png\",\"width\":450,\"height\":263,\"caption\":\"ETL GLOBAL\"},\"image\":{\"@id\":\"https:\\\/\\\/etl.es\\\/en\\\/#\\\/schema\\\/logo\\\/image\\\/\"}},{\"@type\":\"Person\",\"@id\":\"https:\\\/\\\/etl.es\\\/en\\\/#\\\/schema\\\/person\\\/299713823aa0aba41b8a9624dcd27e69\",\"name\":\"Marketing\",\"image\":{\"@type\":\"ImageObject\",\"inLanguage\":\"en-US\",\"@id\":\"https:\\\/\\\/secure.gravatar.com\\\/avatar\\\/2795774461da1b8f860530ae93880b506d3d624a609b8b770dc32a295db74689?s=96&d=mm&r=g\",\"url\":\"https:\\\/\\\/secure.gravatar.com\\\/avatar\\\/2795774461da1b8f860530ae93880b506d3d624a609b8b770dc32a295db74689?s=96&d=mm&r=g\",\"contentUrl\":\"https:\\\/\\\/secure.gravatar.com\\\/avatar\\\/2795774461da1b8f860530ae93880b506d3d624a609b8b770dc32a295db74689?s=96&d=mm&r=g\",\"caption\":\"Marketing\"},\"description\":\"Licenciado en Derecho por la UdC. Master en Asesorias Fiscal por el IE. Cum laudemDirector acad\u00e9mico del Master en Asesoria Fiscal de la Escuela de Finanzas y de Fiscalidad Internacional por la Universidad TECH.Abogado experto en fiscalidad corporativa (IS), indirecta (IVA- ITP), fiscalidad internacional y procedimientos tributarios ante los tribunales espa\u00f1oles y de la Uni\u00f3n Europea. Distinguido como Lawyer of the Year por Best Lawers en el a\u00f1o 2022.\",\"sameAs\":[\"https:\\\/\\\/www.linkedin.com\\\/company\\\/l3gmarketing\\\/\"],\"url\":\"https:\\\/\\\/etl.es\\\/en\\\/author\\\/marketing\\\/\"}]}<\/script>\n<!-- \/ Yoast SEO Premium plugin. -->","yoast_head_json":{"title":"NOTICIA: ETL GLOBAL NEWS FROM THE CZECH REPUBLIC - ETL GLOBAL","description":"Desde\u00a0ETL GLOBAL Espa\u00f1a\u00a0seguimos compartiendo excelentes noticias que nos llegan de nuestros colegas de la Rep\u00fablica Checa.","robots":{"index":"index","follow":"follow","max-snippet":"max-snippet:-1","max-image-preview":"max-image-preview:large","max-video-preview":"max-video-preview:-1"},"canonical":"https:\/\/etl.es\/en\/blog\/etl\/etl-global-news-from-the-czech-republic\/","og_locale":"en_US","og_type":"article","og_title":"NOTICIA: ETL GLOBAL NEWS FROM THE CZECH REPUBLIC","og_description":"Desde\u00a0ETL GLOBAL Espa\u00f1a\u00a0seguimos compartiendo excelentes noticias que nos llegan de nuestros colegas de la Rep\u00fablica Checa.","og_url":"https:\/\/etl.es\/en\/blog\/etl\/etl-global-news-from-the-czech-republic\/","og_site_name":"ETL GLOBAL","article_published_time":"2022-03-24T14:57:26+00:00","article_modified_time":"2024-09-19T11:26:06+00:00","og_image":[{"width":800,"height":500,"url":"https:\/\/etl.es\/wp-content\/uploads\/2022\/03\/20220324-NEWS-CZECH-REPUBLIC.jpg","type":"image\/jpeg"}],"author":"Marketing","twitter_card":"summary_large_image","twitter_misc":{"Written by":"Marketing","Est. reading time":"1 minute"},"schema":{"@context":"https:\/\/schema.org","@graph":[{"@type":"Article","@id":"https:\/\/etl.es\/en\/blog\/etl\/etl-global-news-from-the-czech-republic\/#article","isPartOf":{"@id":"https:\/\/etl.es\/en\/blog\/etl\/etl-global-news-from-the-czech-republic\/"},"author":{"name":"Marketing","@id":"https:\/\/etl.es\/en\/#\/schema\/person\/299713823aa0aba41b8a9624dcd27e69"},"headline":"NOTICIA: ETL GLOBAL NEWS FROM THE CZECH REPUBLIC","datePublished":"2022-03-24T14:57:26+00:00","dateModified":"2024-09-19T11:26:06+00:00","mainEntityOfPage":{"@id":"https:\/\/etl.es\/en\/blog\/etl\/etl-global-news-from-the-czech-republic\/"},"wordCount":194,"commentCount":0,"publisher":{"@id":"https:\/\/etl.es\/en\/#organization"},"image":{"@id":"https:\/\/etl.es\/en\/blog\/etl\/etl-global-news-from-the-czech-republic\/#primaryimage"},"thumbnailUrl":"https:\/\/etl.es\/wp-content\/uploads\/2022\/03\/20220324-NEWS-CZECH-REPUBLIC.jpg","articleSection":["ETL"],"inLanguage":"en-US","potentialAction":[{"@type":"CommentAction","name":"Comment","target":["https:\/\/etl.es\/en\/blog\/etl\/etl-global-news-from-the-czech-republic\/#respond"]}]},{"@type":"WebPage","@id":"https:\/\/etl.es\/en\/blog\/etl\/etl-global-news-from-the-czech-republic\/","url":"https:\/\/etl.es\/en\/blog\/etl\/etl-global-news-from-the-czech-republic\/","name":"NOTICIA: ETL GLOBAL NEWS FROM THE CZECH REPUBLIC - ETL GLOBAL","isPartOf":{"@id":"https:\/\/etl.es\/en\/#website"},"primaryImageOfPage":{"@id":"https:\/\/etl.es\/en\/blog\/etl\/etl-global-news-from-the-czech-republic\/#primaryimage"},"image":{"@id":"https:\/\/etl.es\/en\/blog\/etl\/etl-global-news-from-the-czech-republic\/#primaryimage"},"thumbnailUrl":"https:\/\/etl.es\/wp-content\/uploads\/2022\/03\/20220324-NEWS-CZECH-REPUBLIC.jpg","datePublished":"2022-03-24T14:57:26+00:00","dateModified":"2024-09-19T11:26:06+00:00","description":"Desde\u00a0ETL GLOBAL Espa\u00f1a\u00a0seguimos compartiendo excelentes noticias que nos llegan de nuestros colegas de la Rep\u00fablica Checa.","breadcrumb":{"@id":"https:\/\/etl.es\/en\/blog\/etl\/etl-global-news-from-the-czech-republic\/#breadcrumb"},"inLanguage":"en-US","potentialAction":[{"@type":"ReadAction","target":["https:\/\/etl.es\/en\/blog\/etl\/etl-global-news-from-the-czech-republic\/"]}]},{"@type":"ImageObject","inLanguage":"en-US","@id":"https:\/\/etl.es\/en\/blog\/etl\/etl-global-news-from-the-czech-republic\/#primaryimage","url":"https:\/\/etl.es\/wp-content\/uploads\/2022\/03\/20220324-NEWS-CZECH-REPUBLIC.jpg","contentUrl":"https:\/\/etl.es\/wp-content\/uploads\/2022\/03\/20220324-NEWS-CZECH-REPUBLIC.jpg","width":800,"height":500},{"@type":"BreadcrumbList","@id":"https:\/\/etl.es\/en\/blog\/etl\/etl-global-news-from-the-czech-republic\/#breadcrumb","itemListElement":[{"@type":"ListItem","position":1,"name":"Portada","item":"https:\/\/etl.es\/en\/"},{"@type":"ListItem","position":2,"name":"NOTICIA: ETL GLOBAL NEWS FROM THE CZECH REPUBLIC"}]},{"@type":"WebSite","@id":"https:\/\/etl.es\/en\/#website","url":"https:\/\/etl.es\/en\/","name":"ETL GLOBAL","description":"ETL GLOBAL Espa\u00f1a","publisher":{"@id":"https:\/\/etl.es\/en\/#organization"},"potentialAction":[{"@type":"SearchAction","target":{"@type":"EntryPoint","urlTemplate":"https:\/\/etl.es\/en\/?s={search_term_string}"},"query-input":{"@type":"PropertyValueSpecification","valueRequired":true,"valueName":"search_term_string"}}],"inLanguage":"en-US"},{"@type":"Organization","@id":"https:\/\/etl.es\/en\/#organization","name":"ETL GLOBAL","url":"https:\/\/etl.es\/en\/","logo":{"@type":"ImageObject","inLanguage":"en-US","@id":"https:\/\/etl.es\/en\/#\/schema\/logo\/image\/","url":"https:\/\/etl.es\/wp-content\/uploads\/2024\/09\/etl-global-logo-web.png","contentUrl":"https:\/\/etl.es\/wp-content\/uploads\/2024\/09\/etl-global-logo-web.png","width":450,"height":263,"caption":"ETL GLOBAL"},"image":{"@id":"https:\/\/etl.es\/en\/#\/schema\/logo\/image\/"}},{"@type":"Person","@id":"https:\/\/etl.es\/en\/#\/schema\/person\/299713823aa0aba41b8a9624dcd27e69","name":"Marketing","image":{"@type":"ImageObject","inLanguage":"en-US","@id":"https:\/\/secure.gravatar.com\/avatar\/2795774461da1b8f860530ae93880b506d3d624a609b8b770dc32a295db74689?s=96&d=mm&r=g","url":"https:\/\/secure.gravatar.com\/avatar\/2795774461da1b8f860530ae93880b506d3d624a609b8b770dc32a295db74689?s=96&d=mm&r=g","contentUrl":"https:\/\/secure.gravatar.com\/avatar\/2795774461da1b8f860530ae93880b506d3d624a609b8b770dc32a295db74689?s=96&d=mm&r=g","caption":"Marketing"},"description":"Licenciado en Derecho por la UdC. Master en Asesorias Fiscal por el IE. Cum laudemDirector acad\u00e9mico del Master en Asesoria Fiscal de la Escuela de Finanzas y de Fiscalidad Internacional por la Universidad TECH.Abogado experto en fiscalidad corporativa (IS), indirecta (IVA- ITP), fiscalidad internacional y procedimientos tributarios ante los tribunales espa\u00f1oles y de la Uni\u00f3n Europea. Distinguido como Lawyer of the Year por Best Lawers en el a\u00f1o 2022.","sameAs":["https:\/\/www.linkedin.com\/company\/l3gmarketing\/"],"url":"https:\/\/etl.es\/en\/author\/marketing\/"}]}},"taxonomy_info":{"category":[{"value":1073,"label":"ETL"}]},"featured_image_src_large":["https:\/\/etl.es\/wp-content\/uploads\/2022\/03\/20220324-NEWS-CZECH-REPUBLIC.jpg",800,500,false],"author_info":{"display_name":"Marketing","author_link":"https:\/\/etl.es\/en\/author\/marketing\/"},"comment_info":0,"category_info":[{"term_id":1073,"name":"ETL","slug":"etl","term_group":0,"term_taxonomy_id":1073,"taxonomy":"category","description":"","parent":0,"count":20,"filter":"raw","cat_ID":1073,"category_count":20,"category_description":"","cat_name":"ETL","category_nicename":"etl","category_parent":0}],"tag_info":false,"_links":{"self":[{"href":"https:\/\/etl.es\/en\/wp-json\/wp\/v2\/posts\/84950","targetHints":{"allow":["GET"]}}],"collection":[{"href":"https:\/\/etl.es\/en\/wp-json\/wp\/v2\/posts"}],"about":[{"href":"https:\/\/etl.es\/en\/wp-json\/wp\/v2\/types\/post"}],"author":[{"embeddable":true,"href":"https:\/\/etl.es\/en\/wp-json\/wp\/v2\/users\/3"}],"replies":[{"embeddable":true,"href":"https:\/\/etl.es\/en\/wp-json\/wp\/v2\/comments?post=84950"}],"version-history":[{"count":0,"href":"https:\/\/etl.es\/en\/wp-json\/wp\/v2\/posts\/84950\/revisions"}],"wp:featuredmedia":[{"embeddable":true,"href":"https:\/\/etl.es\/en\/wp-json\/wp\/v2\/media\/84951"}],"wp:attachment":[{"href":"https:\/\/etl.es\/en\/wp-json\/wp\/v2\/media?parent=84950"}],"wp:term":[{"taxonomy":"category","embeddable":true,"href":"https:\/\/etl.es\/en\/wp-json\/wp\/v2\/categories?post=84950"},{"taxonomy":"post_tag","embeddable":true,"href":"https:\/\/etl.es\/en\/wp-json\/wp\/v2\/tags?post=84950"}],"curies":[{"name":"wp","href":"https:\/\/api.w.org\/{rel}","templated":true}]}}