{"id":82015,"date":"2020-03-18T15:19:37","date_gmt":"2020-03-18T14:19:37","guid":{"rendered":"https:\/\/etl.es\/?p=23778"},"modified":"2024-09-19T13:34:02","modified_gmt":"2024-09-19T11:34:02","slug":"etl-global-links-temporary-labour-law-measures","status":"publish","type":"post","link":"https:\/\/etl.es\/en\/blog\/etl\/etl-global-links-temporary-labour-law-measures\/","title":{"rendered":"ETL Global LINKS: Temporary labour law measures"},"content":{"rendered":"<p>The Royal Decree 8\/2020, adopting exceptional and temporary measures to tackle the epidemiological situation caused by COVID-19, entered into force on March 18th 2020.<\/p>\n<p>Since that moment, those Spanish companies that have been affected in some way by the Royal Decree 463\/2020, of 14 March declaring the state of alarm, can adopt a Record of Temporary Employment Regulation (RTER), either on the basis of Force Majeure or on the basis of economic and productive reasons.<\/p>\n<p>The first RTER (Force Majeure) has economic benefits for the companies, as they are exempt from paying the Social Security of their employees during the state of alarm. Also this first RTER has a shorter procedure and consequently it is faster.\u00a0Both RTER allow the company either to suspend or to reduce the working days of their employees. Finally it must be pointed out that if the company adopts an RTER, it will not be able to dismiss any of his workers within a period of 6 months since the end of the state of alarm. For further details, pls contact us as outlined below.<\/p>\n<p>This report was prepared by:<\/p>\n<p>ETL Global Links<br \/>\nAvenida Diagonal 467, 5\u00ba 1\u00aa<br \/>\n08036 Barcelona (Spain)<br \/>\n<a href=\"tel:+34934961800\">+34 93 496 18 00<\/a><br \/>\n<a href=\"mailto:info@etlglobal-links.com\">info@etlglobal-links.com<\/a><br \/>\n<a href=\"http:\/\/www.etlglobal-links.com\/\">http:\/\/www.etlglobal-links.com\/<\/a><\/p>\n","protected":false},"excerpt":{"rendered":"<p>The Royal Decree 8\/2020, adopting exceptional and temporary measures to tackle the epidemiological situation caused by COVID-19, entered into force on March 18th 2020. Since that moment, those Spanish companies that have been affected in some way by the Royal Decree 463\/2020, of 14 March declaring the state of alarm, can adopt a Record of&#8230;<\/p>\n","protected":false},"author":3,"featured_media":82014,"comment_status":"open","ping_status":"open","sticky":false,"template":"","format":"standard","meta":{"_eb_attr":"","_kad_blocks_custom_css":"","_kad_blocks_head_custom_js":"","_kad_blocks_body_custom_js":"","_kad_blocks_footer_custom_js":"","editor_plus_copied_stylings":"{}","_kad_post_transparent":"","_kad_post_title":"","_kad_post_layout":"","_kad_post_sidebar_id":"","_kad_post_content_style":"","_kad_post_vertical_padding":"","_kad_post_feature":"","_kad_post_feature_position":"","_kad_post_header":false,"_kad_post_footer":false,"_kad_post_classname":"","_jet_sm_ready_style":"","_jet_sm_style":"","_jet_sm_controls_values":"","_jet_sm_fonts_collection":"","_jet_sm_fonts_links":"","footnotes":""},"categories":[1073],"tags":[],"class_list":["post-82015","post","type-post","status-publish","format-standard","has-post-thumbnail","hentry","category-etl"],"yoast_head":"<!-- This site is optimized with the Yoast SEO Premium plugin v27.4 (Yoast SEO v27.4) - https:\/\/yoast.com\/product\/yoast-seo-premium-wordpress\/ -->\n<title>ETL Global LINKS: Temporary labour law measures - ETL GLOBAL<\/title>\n<meta name=\"description\" content=\"The Royal Decree 8\/2020, adopting exceptional and temporary measures to tackle the epidemiological situation caused by COVID-19.\" \/>\n<meta name=\"robots\" content=\"index, follow, max-snippet:-1, max-image-preview:large, max-video-preview:-1\" \/>\n<link rel=\"canonical\" href=\"https:\/\/etl.es\/en\/blog\/etl\/etl-global-links-temporary-labour-law-measures\/\" \/>\n<meta property=\"og:locale\" content=\"en_US\" \/>\n<meta property=\"og:type\" content=\"article\" \/>\n<meta property=\"og:title\" content=\"ETL Global LINKS: Temporary labour law measures\" \/>\n<meta property=\"og:description\" content=\"The Royal Decree 8\/2020, adopting exceptional and temporary measures to tackle the epidemiological situation caused by COVID-19.\" \/>\n<meta property=\"og:url\" content=\"https:\/\/etl.es\/en\/blog\/etl\/etl-global-links-temporary-labour-law-measures\/\" \/>\n<meta property=\"og:site_name\" content=\"ETL GLOBAL\" \/>\n<meta property=\"article:published_time\" content=\"2020-03-18T14:19:37+00:00\" \/>\n<meta property=\"article:modified_time\" content=\"2024-09-19T11:34:02+00:00\" \/>\n<meta property=\"og:image\" content=\"https:\/\/etl.es\/wp-content\/uploads\/2020\/03\/MG_8265-min-scaled-1.jpg\" \/>\n\t<meta property=\"og:image:width\" content=\"2560\" \/>\n\t<meta property=\"og:image:height\" content=\"1707\" \/>\n\t<meta property=\"og:image:type\" content=\"image\/jpeg\" \/>\n<meta name=\"author\" content=\"Marketing\" \/>\n<meta name=\"twitter:card\" content=\"summary_large_image\" \/>\n<meta name=\"twitter:label1\" content=\"Written by\" \/>\n\t<meta name=\"twitter:data1\" content=\"Marketing\" \/>\n\t<meta name=\"twitter:label2\" content=\"Est. reading time\" \/>\n\t<meta name=\"twitter:data2\" content=\"1 minute\" \/>\n<script type=\"application\/ld+json\" class=\"yoast-schema-graph\">{\"@context\":\"https:\\\/\\\/schema.org\",\"@graph\":[{\"@type\":\"Article\",\"@id\":\"https:\\\/\\\/etl.es\\\/en\\\/blog\\\/etl\\\/etl-global-links-temporary-labour-law-measures\\\/#article\",\"isPartOf\":{\"@id\":\"https:\\\/\\\/etl.es\\\/en\\\/blog\\\/etl\\\/etl-global-links-temporary-labour-law-measures\\\/\"},\"author\":{\"name\":\"Marketing\",\"@id\":\"https:\\\/\\\/etl.es\\\/en\\\/#\\\/schema\\\/person\\\/299713823aa0aba41b8a9624dcd27e69\"},\"headline\":\"ETL Global LINKS: Temporary labour law measures\",\"datePublished\":\"2020-03-18T14:19:37+00:00\",\"dateModified\":\"2024-09-19T11:34:02+00:00\",\"mainEntityOfPage\":{\"@id\":\"https:\\\/\\\/etl.es\\\/en\\\/blog\\\/etl\\\/etl-global-links-temporary-labour-law-measures\\\/\"},\"wordCount\":201,\"commentCount\":0,\"publisher\":{\"@id\":\"https:\\\/\\\/etl.es\\\/en\\\/#organization\"},\"image\":{\"@id\":\"https:\\\/\\\/etl.es\\\/en\\\/blog\\\/etl\\\/etl-global-links-temporary-labour-law-measures\\\/#primaryimage\"},\"thumbnailUrl\":\"https:\\\/\\\/etl.es\\\/wp-content\\\/uploads\\\/2020\\\/03\\\/MG_8265-min-scaled-1.jpg\",\"articleSection\":[\"ETL\"],\"inLanguage\":\"en-US\",\"potentialAction\":[{\"@type\":\"CommentAction\",\"name\":\"Comment\",\"target\":[\"https:\\\/\\\/etl.es\\\/en\\\/blog\\\/etl\\\/etl-global-links-temporary-labour-law-measures\\\/#respond\"]}]},{\"@type\":\"WebPage\",\"@id\":\"https:\\\/\\\/etl.es\\\/en\\\/blog\\\/etl\\\/etl-global-links-temporary-labour-law-measures\\\/\",\"url\":\"https:\\\/\\\/etl.es\\\/en\\\/blog\\\/etl\\\/etl-global-links-temporary-labour-law-measures\\\/\",\"name\":\"ETL Global LINKS: Temporary labour law measures - ETL GLOBAL\",\"isPartOf\":{\"@id\":\"https:\\\/\\\/etl.es\\\/en\\\/#website\"},\"primaryImageOfPage\":{\"@id\":\"https:\\\/\\\/etl.es\\\/en\\\/blog\\\/etl\\\/etl-global-links-temporary-labour-law-measures\\\/#primaryimage\"},\"image\":{\"@id\":\"https:\\\/\\\/etl.es\\\/en\\\/blog\\\/etl\\\/etl-global-links-temporary-labour-law-measures\\\/#primaryimage\"},\"thumbnailUrl\":\"https:\\\/\\\/etl.es\\\/wp-content\\\/uploads\\\/2020\\\/03\\\/MG_8265-min-scaled-1.jpg\",\"datePublished\":\"2020-03-18T14:19:37+00:00\",\"dateModified\":\"2024-09-19T11:34:02+00:00\",\"description\":\"The Royal Decree 8\\\/2020, adopting exceptional and temporary measures to tackle the epidemiological situation caused by COVID-19.\",\"breadcrumb\":{\"@id\":\"https:\\\/\\\/etl.es\\\/en\\\/blog\\\/etl\\\/etl-global-links-temporary-labour-law-measures\\\/#breadcrumb\"},\"inLanguage\":\"en-US\",\"potentialAction\":[{\"@type\":\"ReadAction\",\"target\":[\"https:\\\/\\\/etl.es\\\/en\\\/blog\\\/etl\\\/etl-global-links-temporary-labour-law-measures\\\/\"]}]},{\"@type\":\"ImageObject\",\"inLanguage\":\"en-US\",\"@id\":\"https:\\\/\\\/etl.es\\\/en\\\/blog\\\/etl\\\/etl-global-links-temporary-labour-law-measures\\\/#primaryimage\",\"url\":\"https:\\\/\\\/etl.es\\\/wp-content\\\/uploads\\\/2020\\\/03\\\/MG_8265-min-scaled-1.jpg\",\"contentUrl\":\"https:\\\/\\\/etl.es\\\/wp-content\\\/uploads\\\/2020\\\/03\\\/MG_8265-min-scaled-1.jpg\",\"width\":2560,\"height\":1707},{\"@type\":\"BreadcrumbList\",\"@id\":\"https:\\\/\\\/etl.es\\\/en\\\/blog\\\/etl\\\/etl-global-links-temporary-labour-law-measures\\\/#breadcrumb\",\"itemListElement\":[{\"@type\":\"ListItem\",\"position\":1,\"name\":\"Portada\",\"item\":\"https:\\\/\\\/etl.es\\\/en\\\/\"},{\"@type\":\"ListItem\",\"position\":2,\"name\":\"ETL Global LINKS: Temporary labour law measures\"}]},{\"@type\":\"WebSite\",\"@id\":\"https:\\\/\\\/etl.es\\\/en\\\/#website\",\"url\":\"https:\\\/\\\/etl.es\\\/en\\\/\",\"name\":\"ETL GLOBAL\",\"description\":\"ETL GLOBAL Espa\u00f1a\",\"publisher\":{\"@id\":\"https:\\\/\\\/etl.es\\\/en\\\/#organization\"},\"potentialAction\":[{\"@type\":\"SearchAction\",\"target\":{\"@type\":\"EntryPoint\",\"urlTemplate\":\"https:\\\/\\\/etl.es\\\/en\\\/?s={search_term_string}\"},\"query-input\":{\"@type\":\"PropertyValueSpecification\",\"valueRequired\":true,\"valueName\":\"search_term_string\"}}],\"inLanguage\":\"en-US\"},{\"@type\":\"Organization\",\"@id\":\"https:\\\/\\\/etl.es\\\/en\\\/#organization\",\"name\":\"ETL GLOBAL\",\"url\":\"https:\\\/\\\/etl.es\\\/en\\\/\",\"logo\":{\"@type\":\"ImageObject\",\"inLanguage\":\"en-US\",\"@id\":\"https:\\\/\\\/etl.es\\\/en\\\/#\\\/schema\\\/logo\\\/image\\\/\",\"url\":\"https:\\\/\\\/etl.es\\\/wp-content\\\/uploads\\\/2024\\\/09\\\/etl-global-logo-web.png\",\"contentUrl\":\"https:\\\/\\\/etl.es\\\/wp-content\\\/uploads\\\/2024\\\/09\\\/etl-global-logo-web.png\",\"width\":450,\"height\":263,\"caption\":\"ETL GLOBAL\"},\"image\":{\"@id\":\"https:\\\/\\\/etl.es\\\/en\\\/#\\\/schema\\\/logo\\\/image\\\/\"}},{\"@type\":\"Person\",\"@id\":\"https:\\\/\\\/etl.es\\\/en\\\/#\\\/schema\\\/person\\\/299713823aa0aba41b8a9624dcd27e69\",\"name\":\"Marketing\",\"image\":{\"@type\":\"ImageObject\",\"inLanguage\":\"en-US\",\"@id\":\"https:\\\/\\\/secure.gravatar.com\\\/avatar\\\/2795774461da1b8f860530ae93880b506d3d624a609b8b770dc32a295db74689?s=96&d=mm&r=g\",\"url\":\"https:\\\/\\\/secure.gravatar.com\\\/avatar\\\/2795774461da1b8f860530ae93880b506d3d624a609b8b770dc32a295db74689?s=96&d=mm&r=g\",\"contentUrl\":\"https:\\\/\\\/secure.gravatar.com\\\/avatar\\\/2795774461da1b8f860530ae93880b506d3d624a609b8b770dc32a295db74689?s=96&d=mm&r=g\",\"caption\":\"Marketing\"},\"description\":\"Licenciado en Derecho por la UdC. Master en Asesorias Fiscal por el IE. Cum laudemDirector acad\u00e9mico del Master en Asesoria Fiscal de la Escuela de Finanzas y de Fiscalidad Internacional por la Universidad TECH.Abogado experto en fiscalidad corporativa (IS), indirecta (IVA- ITP), fiscalidad internacional y procedimientos tributarios ante los tribunales espa\u00f1oles y de la Uni\u00f3n Europea. Distinguido como Lawyer of the Year por Best Lawers en el a\u00f1o 2022.\",\"sameAs\":[\"https:\\\/\\\/www.linkedin.com\\\/company\\\/l3gmarketing\\\/\"],\"url\":\"https:\\\/\\\/etl.es\\\/en\\\/author\\\/marketing\\\/\"}]}<\/script>\n<!-- \/ Yoast SEO Premium plugin. -->","yoast_head_json":{"title":"ETL Global LINKS: Temporary labour law measures - ETL GLOBAL","description":"The Royal Decree 8\/2020, adopting exceptional and temporary measures to tackle the epidemiological situation caused by COVID-19.","robots":{"index":"index","follow":"follow","max-snippet":"max-snippet:-1","max-image-preview":"max-image-preview:large","max-video-preview":"max-video-preview:-1"},"canonical":"https:\/\/etl.es\/en\/blog\/etl\/etl-global-links-temporary-labour-law-measures\/","og_locale":"en_US","og_type":"article","og_title":"ETL Global LINKS: Temporary labour law measures","og_description":"The Royal Decree 8\/2020, adopting exceptional and temporary measures to tackle the epidemiological situation caused by COVID-19.","og_url":"https:\/\/etl.es\/en\/blog\/etl\/etl-global-links-temporary-labour-law-measures\/","og_site_name":"ETL GLOBAL","article_published_time":"2020-03-18T14:19:37+00:00","article_modified_time":"2024-09-19T11:34:02+00:00","og_image":[{"width":2560,"height":1707,"url":"https:\/\/etl.es\/wp-content\/uploads\/2020\/03\/MG_8265-min-scaled-1.jpg","type":"image\/jpeg"}],"author":"Marketing","twitter_card":"summary_large_image","twitter_misc":{"Written by":"Marketing","Est. reading time":"1 minute"},"schema":{"@context":"https:\/\/schema.org","@graph":[{"@type":"Article","@id":"https:\/\/etl.es\/en\/blog\/etl\/etl-global-links-temporary-labour-law-measures\/#article","isPartOf":{"@id":"https:\/\/etl.es\/en\/blog\/etl\/etl-global-links-temporary-labour-law-measures\/"},"author":{"name":"Marketing","@id":"https:\/\/etl.es\/en\/#\/schema\/person\/299713823aa0aba41b8a9624dcd27e69"},"headline":"ETL Global LINKS: Temporary labour law measures","datePublished":"2020-03-18T14:19:37+00:00","dateModified":"2024-09-19T11:34:02+00:00","mainEntityOfPage":{"@id":"https:\/\/etl.es\/en\/blog\/etl\/etl-global-links-temporary-labour-law-measures\/"},"wordCount":201,"commentCount":0,"publisher":{"@id":"https:\/\/etl.es\/en\/#organization"},"image":{"@id":"https:\/\/etl.es\/en\/blog\/etl\/etl-global-links-temporary-labour-law-measures\/#primaryimage"},"thumbnailUrl":"https:\/\/etl.es\/wp-content\/uploads\/2020\/03\/MG_8265-min-scaled-1.jpg","articleSection":["ETL"],"inLanguage":"en-US","potentialAction":[{"@type":"CommentAction","name":"Comment","target":["https:\/\/etl.es\/en\/blog\/etl\/etl-global-links-temporary-labour-law-measures\/#respond"]}]},{"@type":"WebPage","@id":"https:\/\/etl.es\/en\/blog\/etl\/etl-global-links-temporary-labour-law-measures\/","url":"https:\/\/etl.es\/en\/blog\/etl\/etl-global-links-temporary-labour-law-measures\/","name":"ETL Global LINKS: Temporary labour law measures - ETL GLOBAL","isPartOf":{"@id":"https:\/\/etl.es\/en\/#website"},"primaryImageOfPage":{"@id":"https:\/\/etl.es\/en\/blog\/etl\/etl-global-links-temporary-labour-law-measures\/#primaryimage"},"image":{"@id":"https:\/\/etl.es\/en\/blog\/etl\/etl-global-links-temporary-labour-law-measures\/#primaryimage"},"thumbnailUrl":"https:\/\/etl.es\/wp-content\/uploads\/2020\/03\/MG_8265-min-scaled-1.jpg","datePublished":"2020-03-18T14:19:37+00:00","dateModified":"2024-09-19T11:34:02+00:00","description":"The Royal Decree 8\/2020, adopting exceptional and temporary measures to tackle the epidemiological situation caused by COVID-19.","breadcrumb":{"@id":"https:\/\/etl.es\/en\/blog\/etl\/etl-global-links-temporary-labour-law-measures\/#breadcrumb"},"inLanguage":"en-US","potentialAction":[{"@type":"ReadAction","target":["https:\/\/etl.es\/en\/blog\/etl\/etl-global-links-temporary-labour-law-measures\/"]}]},{"@type":"ImageObject","inLanguage":"en-US","@id":"https:\/\/etl.es\/en\/blog\/etl\/etl-global-links-temporary-labour-law-measures\/#primaryimage","url":"https:\/\/etl.es\/wp-content\/uploads\/2020\/03\/MG_8265-min-scaled-1.jpg","contentUrl":"https:\/\/etl.es\/wp-content\/uploads\/2020\/03\/MG_8265-min-scaled-1.jpg","width":2560,"height":1707},{"@type":"BreadcrumbList","@id":"https:\/\/etl.es\/en\/blog\/etl\/etl-global-links-temporary-labour-law-measures\/#breadcrumb","itemListElement":[{"@type":"ListItem","position":1,"name":"Portada","item":"https:\/\/etl.es\/en\/"},{"@type":"ListItem","position":2,"name":"ETL Global LINKS: Temporary labour law measures"}]},{"@type":"WebSite","@id":"https:\/\/etl.es\/en\/#website","url":"https:\/\/etl.es\/en\/","name":"ETL GLOBAL","description":"ETL GLOBAL Espa\u00f1a","publisher":{"@id":"https:\/\/etl.es\/en\/#organization"},"potentialAction":[{"@type":"SearchAction","target":{"@type":"EntryPoint","urlTemplate":"https:\/\/etl.es\/en\/?s={search_term_string}"},"query-input":{"@type":"PropertyValueSpecification","valueRequired":true,"valueName":"search_term_string"}}],"inLanguage":"en-US"},{"@type":"Organization","@id":"https:\/\/etl.es\/en\/#organization","name":"ETL GLOBAL","url":"https:\/\/etl.es\/en\/","logo":{"@type":"ImageObject","inLanguage":"en-US","@id":"https:\/\/etl.es\/en\/#\/schema\/logo\/image\/","url":"https:\/\/etl.es\/wp-content\/uploads\/2024\/09\/etl-global-logo-web.png","contentUrl":"https:\/\/etl.es\/wp-content\/uploads\/2024\/09\/etl-global-logo-web.png","width":450,"height":263,"caption":"ETL GLOBAL"},"image":{"@id":"https:\/\/etl.es\/en\/#\/schema\/logo\/image\/"}},{"@type":"Person","@id":"https:\/\/etl.es\/en\/#\/schema\/person\/299713823aa0aba41b8a9624dcd27e69","name":"Marketing","image":{"@type":"ImageObject","inLanguage":"en-US","@id":"https:\/\/secure.gravatar.com\/avatar\/2795774461da1b8f860530ae93880b506d3d624a609b8b770dc32a295db74689?s=96&d=mm&r=g","url":"https:\/\/secure.gravatar.com\/avatar\/2795774461da1b8f860530ae93880b506d3d624a609b8b770dc32a295db74689?s=96&d=mm&r=g","contentUrl":"https:\/\/secure.gravatar.com\/avatar\/2795774461da1b8f860530ae93880b506d3d624a609b8b770dc32a295db74689?s=96&d=mm&r=g","caption":"Marketing"},"description":"Licenciado en Derecho por la UdC. Master en Asesorias Fiscal por el IE. Cum laudemDirector acad\u00e9mico del Master en Asesoria Fiscal de la Escuela de Finanzas y de Fiscalidad Internacional por la Universidad TECH.Abogado experto en fiscalidad corporativa (IS), indirecta (IVA- ITP), fiscalidad internacional y procedimientos tributarios ante los tribunales espa\u00f1oles y de la Uni\u00f3n Europea. Distinguido como Lawyer of the Year por Best Lawers en el a\u00f1o 2022.","sameAs":["https:\/\/www.linkedin.com\/company\/l3gmarketing\/"],"url":"https:\/\/etl.es\/en\/author\/marketing\/"}]}},"taxonomy_info":{"category":[{"value":1073,"label":"ETL"}]},"featured_image_src_large":["https:\/\/etl.es\/wp-content\/uploads\/2020\/03\/MG_8265-min-scaled-1-1024x683.jpg",1024,683,true],"author_info":{"display_name":"Marketing","author_link":"https:\/\/etl.es\/en\/author\/marketing\/"},"comment_info":0,"category_info":[{"term_id":1073,"name":"ETL","slug":"etl","term_group":0,"term_taxonomy_id":1073,"taxonomy":"category","description":"","parent":0,"count":20,"filter":"raw","cat_ID":1073,"category_count":20,"category_description":"","cat_name":"ETL","category_nicename":"etl","category_parent":0}],"tag_info":false,"_links":{"self":[{"href":"https:\/\/etl.es\/en\/wp-json\/wp\/v2\/posts\/82015","targetHints":{"allow":["GET"]}}],"collection":[{"href":"https:\/\/etl.es\/en\/wp-json\/wp\/v2\/posts"}],"about":[{"href":"https:\/\/etl.es\/en\/wp-json\/wp\/v2\/types\/post"}],"author":[{"embeddable":true,"href":"https:\/\/etl.es\/en\/wp-json\/wp\/v2\/users\/3"}],"replies":[{"embeddable":true,"href":"https:\/\/etl.es\/en\/wp-json\/wp\/v2\/comments?post=82015"}],"version-history":[{"count":0,"href":"https:\/\/etl.es\/en\/wp-json\/wp\/v2\/posts\/82015\/revisions"}],"wp:featuredmedia":[{"embeddable":true,"href":"https:\/\/etl.es\/en\/wp-json\/wp\/v2\/media\/82014"}],"wp:attachment":[{"href":"https:\/\/etl.es\/en\/wp-json\/wp\/v2\/media?parent=82015"}],"wp:term":[{"taxonomy":"category","embeddable":true,"href":"https:\/\/etl.es\/en\/wp-json\/wp\/v2\/categories?post=82015"},{"taxonomy":"post_tag","embeddable":true,"href":"https:\/\/etl.es\/en\/wp-json\/wp\/v2\/tags?post=82015"}],"curies":[{"name":"wp","href":"https:\/\/api.w.org\/{rel}","templated":true}]}}